{"data":{"product":{"id":22368,"titre":"Tricot Track Jacket","description":"Veste de surv\u00eatement en maille. Coupe classique. Ext\u00e9rieur lisse et ajustement confortable. Veste l\u00e9g\u00e8re. Fermeture \u00e0 glissi\u00e8re en plastique. Poches lat\u00e9rales. Manches longues avec liser\u00e9. Col montant sans capuche. Composition : 100% polyester.","genre":"homme","grammage":250,"conditionnement":30,"composition":"polyester,polyester_uniquement","reference":"bu-by425","reference_visible":"bu-by425","reference_fabricant":"BY425","ref_xor":"721189","in_catalog":true,"is_transfer":false,"is_service":false,"on_standby":false,"has_3d":false,"has_size_guide":false,"has_marking":false,"has_vierge":true,"is_cross_sellable":false,"id_picto":27,"filename_3d":null,"brand":{"id":142,"name":"Build Your Brand","logo":"logo-buildyourbrand.png","image":"https:\/\/media.th4.com\/644ClNqaZcfEAdg-do5orhHHWNaTCec8os-FcMnhg5Q\/pr:brand70x70\/aHR0cDovL21lZGlhMi5kZXNpZ25wYXJ0bmVyLmZyL2MvbS9sb2dvLWJ1aWxkeW91cmJyYW5kLnBuZw"},"price_infos":{"price_from":30.32,"quantity":25,"color":{"id":11091,"name":"black"},"size":{"id":2,"name":"M"}},"price_infos_marking":{"price_from":31.45,"quantity":30,"color":{"id":11091,"name":"black"},"size":{"id":2,"name":"M"},"marking":{"id":2,"name":""},"emplacement":"avant","surface_emplacement_id":1,"surface":"coeur"},"i18n":{"blank":{"title":{"fr":"Tricot Track Jacket veste BUILD YOUR BRAND by425 BY425","en":"Tricot Track Jacket jacket BUILD YOUR BRAND by425 BY425","de":"Tricot Track Jacket Jacke BUILD YOUR BRAND by425 BY425","nl":"Tricot Track Jacket jas BUILD YOUR BRAND by425 BY425","es":"chaqueta Tricot Track Jacket BUILD YOUR BRAND by425 BY425","it":"giacca Tricot Track Jacket BUILD YOUR BRAND by425 BY425","sv":"Tricot Track Jacket jacka BUILD YOUR BRAND by425 BY425","pt":"casaco Tricot Track Jacket BUILD YOUR BRAND by425 BY425","da":"Tricot Track Jacket jakke BUILD YOUR BRAND by425 BY425","pl":"Tricot Track Jacket kurtka BUILD YOUR BRAND by425 BY425"},"description":{"fr":"La Tricot Track Jacket veste en maille convient \u00e0 un usage quotidien avec sa coupe classique, son ext\u00e9rieur lisse et son ajustement confortable. Ce mod\u00e8le l\u00e9ger comprend un col montant sans capuche, une fermeture \u00e0 glissi\u00e8re plastique, des poches lat\u00e9rales et des manches longues avec liser\u00e9.\n\n- Composition : 100% polyester\n- Coupe classique\n- Col montant sans capuche\n- Fermeture \u00e0 glissi\u00e8re plastique","en":"The Tricot Track Jacket knit jacket is suitable for everyday use with its classic fit, smooth outer surface and comfortable fit. This lightweight model includes a stand-up collar without hood, a plastic zip fastening, side pockets and long sleeves with piping.\n\n- Composition: 100% polyester\n- Classic fit\n- Stand-up collar without hood\n- Plastic zip fastening","de":"Die Tricot Track Jacket Strickjacke eignet sich mit ihrem klassischen Schnitt, ihrer glatten Au\u00dfenseite und ihrer bequemen Passform f\u00fcr den t\u00e4glichen Gebrauch. Dieses leichte Modell umfasst einen Stehkragen ohne Kapuze, einen Kunststoffrei\u00dfverschluss, Seitentaschen und lange \u00c4rmel mit Paspel.\n\n- Zusammensetzung: 100% Polyester\n- Klassischer Schnitt\n- Stehkragen ohne Kapuze\n- Kunststoffrei\u00dfverschluss","nl":"Het Tricot Track Jacket tricot jas is geschikt voor dagelijks gebruik dankzij de klassieke pasvorm, de gladde buitenkant en de comfortabele pasvorm. Dit lichte model heeft een opstaande kraag zonder capuchon, een kunststof ritssluiting, zijzakken en lange mouwen met bies.\n\n- Samenstelling: 100% polyester\n- Klassieke pasvorm\n- Opstaande kraag zonder capuchon\n- Kunststof ritssluiting","es":"La chaqueta de punto Tricot Track Jacket es adecuada para el uso diario gracias a su corte cl\u00e1sico, su exterior liso y su ajuste c\u00f3modo. Este modelo ligero incluye un cuello alto sin capucha, una cremallera de pl\u00e1stico, bolsillos laterales y mangas largas con ribete.\n\n- Composici\u00f3n: 100% poli\u00e9ster\n- Corte cl\u00e1sico\n- Cuello alto sin capucha\n- Cremallera de pl\u00e1stico","it":"La giacca in maglia Tricot Track Jacket \u00e8 adatta all'uso quotidiano grazie al suo taglio classico, alla superficie esterna liscia e alla vestibilit\u00e0 confortevole. Questo modello leggero include un collo alto senza cappuccio, una chiusura con zip in plastica, tasche laterali e maniche lunghe con bordino.\n\n- Composizione: 100% poliestere\n- Taglio classico\n- Collo alto senza cappuccio\n- Chiusura con zip in plastica","sv":"Tricot Track Jacket jacka i trik\u00e5 l\u00e4mpar sig f\u00f6r daglig anv\u00e4ndning med sin klassiska passform, sl\u00e4ta utsida och bekv\u00e4ma passform. Denna l\u00e4tta modell har en st\u00e5krage utan huva, en plastdragkedja, sidofickor och l\u00e5nga \u00e4rmar med kantband.\n\n- Sammans\u00e4ttning: 100% polyester\n- Klassisk passform\n- St\u00e5krage utan huva\n- Plastdragkedja","pt":"O casaco de malha Tricot Track Jacket \u00e9 adequado para uso di\u00e1rio com o seu corte cl\u00e1ssico, exterior liso e ajuste confort\u00e1vel. Este modelo leve inclui gola alta sem capuz, fecho de correr em pl\u00e1stico, bolsos laterais e mangas compridas com debrum.\n\n- Composi\u00e7\u00e3o: 100% poli\u00e9ster\n- Corte cl\u00e1ssico\n- Gola alta sem capuz\n- Fecho de correr em pl\u00e1stico","da":"Tricot Track Jacket jakken i strik er egnet til daglig brug med sin klassiske pasform, glatte yderside og behagelige pasform. Denne lette model har en h\u00f8j krave uden h\u00e6tte, en lynl\u00e5s i plast, sidelommer og lange \u00e6rmer med kantb\u00e5nd.\n\n- Sammens\u00e6tning: 100% polyester\n- Klassisk pasform\n- H\u00f8j krave uden h\u00e6tte\n- Lynl\u00e5s i plast","pl":"Dzianinowa kurtka Tricot Track Jacket nadaje si\u0119 do codziennego u\u017cytku dzi\u0119ki klasycznemu krojowi, g\u0142adkiej powierzchni zewn\u0119trznej i wygodnemu dopasowaniu. Ten lekki model obejmuje st\u00f3jk\u0119 bez kaptura, plastikowy zamek b\u0142yskawiczny, boczne kieszenie oraz d\u0142ugie r\u0119kawy z lam\u00f3wk\u0105.\n\n- Sk\u0142ad: 100% poliester\n- Kr\u00f3j klasyczny\n- St\u00f3jka bez kaptura\n- Plastikowy zamek b\u0142yskawiczny"},"h1":{"fr":"Tricot Track Jacket veste by425","en":"Tricot Track Jacket jacket by425","de":"Tricot Track Jacket Jacke by425","nl":"Tricot Track Jacket jas by425","es":"chaqueta Tricot Track Jacket by425","it":"giacca Tricot Track Jacket by425","sv":"Tricot Track Jacket jacka by425","pt":"casaco Tricot Track Jacket by425","da":"Tricot Track Jacket jakke by425","pl":"Tricot Track Jacket kurtka by425"},"meta_description":{"fr":"Tricot Track Jacket veste BY425 en maille avec coupe classique, col montant, fermeture \u00e0 glissi\u00e8re plastique, poches lat\u00e9rales et manches longues.","en":"Tricot Track Jacket BY425 jacket in knit with classic fit, stand-up collar, plastic zip fastening, side pockets and long sleeves.","de":"Tricot Track Jacket Jacke BY425 aus Strick mit klassischem Schnitt, Stehkragen, Kunststoffrei\u00dfverschluss, Seitentaschen und langen \u00c4rmeln.","nl":"Tricot Track Jacket jas BY425 van tricot met klassieke pasvorm, opstaande kraag, kunststof ritssluiting, zijzakken en lange mouwen.","es":"Chaqueta Tricot Track Jacket BY425 de punto con corte cl\u00e1sico, cuello alto, cremallera de pl\u00e1stico, bolsillos laterales y mangas largas.","it":"Giacca Tricot Track Jacket BY425 in maglia con taglio classico, collo alto, chiusura con zip in plastica, tasche laterali e maniche lunghe.","sv":"Tricot Track Jacket jacka BY425 i trik\u00e5 med klassisk passform, st\u00e5krage, plastdragkedja, sidofickor och l\u00e5nga \u00e4rmar.","pt":"casaco Tricot Track Jacket BY425 em malha com corte cl\u00e1ssico, gola alta, fecho de correr em pl\u00e1stico, bolsos laterais e mangas compridas.","da":"Tricot Track Jacket jakke BY425 i strik med klassisk pasform, h\u00f8j krave, lynl\u00e5s i plast, sidelommer og lange \u00e6rmer.","pl":"Tricot Track Jacket kurtka BY425 z dzianiny o klasycznym kroju, ze st\u00f3jk\u0105, plastikowym zamkiem b\u0142yskawicznym, bocznymi kieszeniami i d\u0142ugimi r\u0119kawami."}},"custom":{"title":{"fr":null,"en":null,"de":null,"nl":null,"es":null,"it":null,"sv":null,"pt":null,"da":null,"pl":null},"description":{"fr":null,"en":null,"de":null,"nl":null,"es":null,"it":null,"sv":null,"pt":null,"da":null,"pl":null},"h1":{"fr":null,"en":null,"de":null,"nl":null,"es":null,"it":null,"sv":null,"pt":null,"da":null,"pl":null},"meta_description":{"fr":null,"en":null,"de":null,"nl":null,"es":null,"it":null,"sv":null,"pt":null,"da":null,"pl":null}}},"categories":[{"id":324,"name":"Surv\u00eatements et joggings","singular":"Surv\u00eatement et jogging","is_feminin":false},{"id":570,"name":"Vestes de surv\u00eatements","singular":"Veste de surv\u00eatement","is_feminin":false},{"id":560,"name":"Sports et Loisirs","singular":"Sport et Loisir","is_feminin":false},{"id":559,"name":"Univers","singular":"Univers","is_feminin":false},{"id":354,"name":"Textile","singular":"Textile","is_feminin":false}],"certifications":[],"videos":{"fr":[],"en":[],"de":[],"nl":[],"es":[],"it":[],"sv":[],"pt":[],"da":[],"pl":[]},"main_images":{"miniature":"https:\/\/media.th4.com\/AW-7kpuJxqLDlDoJ4bs5w6XuHhH7a_InmA2PYGVtWgo\/pr:80\/aHR0cDovL21lZGlhMi5kZXNpZ25wYXJ0bmVyLmZyL2MvcC1ibGFuay1USC8yMjM2OC53ZWJw?v=1788517388","medium":"https:\/\/media.th4.com\/IDkMjD9XdUA7HY6buVMHx_6dg2s5AnkcsqjSFh7ywbM\/pr:550x550greybg\/aHR0cDovL21lZGlhMi5kZXNpZ25wYXJ0bmVyLmZyL2MvcC1ibGFuay1USC8yMjM2OC53ZWJw?v=1788517388","medium_large":"https:\/\/media.th4.com\/DyE5UUwJW3NacOt6cfmenQnCkApPXjVijw4Ii-rLFtE\/pr:1000x1000greybg\/aHR0cDovL21lZGlhMi5kZXNpZ25wYXJ0bmVyLmZyL2MvcC1ibGFuay1USC8yMjM2OC53ZWJw?v=1788517388","large":"https:\/\/media.th4.com\/tyR2-Y54KUgSnEFK5_o9aI146xskc8sQ4wlANygn22A\/pr:1920greybg\/aHR0cDovL21lZGlhMi5kZXNpZ25wYXJ0bmVyLmZyL2MvcC1ibGFuay1USC8yMjM2OC53ZWJw?v=1788517388","opengraph":"https:\/\/media.th4.com\/-Tu2c00R8lvKgvseV2hbSlBpgiaSkGbRYu_RXQKTZng\/pr:1200x630greybg\/aHR0cDovL21lZGlhMi5kZXNpZ25wYXJ0bmVyLmZyL2MvcC1ibGFuay1USC8yMjM2OC53ZWJw?v=1788517388"},"main_images_customization":{"miniature":"https:\/\/media.th4.com\/AW-7kpuJxqLDlDoJ4bs5w6XuHhH7a_InmA2PYGVtWgo\/pr:80\/aHR0cDovL21lZGlhMi5kZXNpZ25wYXJ0bmVyLmZyL2MvcC1ibGFuay1USC8yMjM2OC53ZWJw?v=1788517388","medium":"https:\/\/media.th4.com\/IDkMjD9XdUA7HY6buVMHx_6dg2s5AnkcsqjSFh7ywbM\/pr:550x550greybg\/aHR0cDovL21lZGlhMi5kZXNpZ25wYXJ0bmVyLmZyL2MvcC1ibGFuay1USC8yMjM2OC53ZWJw?v=1788517388","medium_large":"https:\/\/media.th4.com\/DyE5UUwJW3NacOt6cfmenQnCkApPXjVijw4Ii-rLFtE\/pr:1000x1000greybg\/aHR0cDovL21lZGlhMi5kZXNpZ25wYXJ0bmVyLmZyL2MvcC1ibGFuay1USC8yMjM2OC53ZWJw?v=1788517388","large":"https:\/\/media.th4.com\/tyR2-Y54KUgSnEFK5_o9aI146xskc8sQ4wlANygn22A\/pr:1920greybg\/aHR0cDovL21lZGlhMi5kZXNpZ25wYXJ0bmVyLmZyL2MvcC1ibGFuay1USC8yMjM2OC53ZWJw?v=1788517388","opengraph":"https:\/\/media.th4.com\/-Tu2c00R8lvKgvseV2hbSlBpgiaSkGbRYu_RXQKTZng\/pr:1200x630greybg\/aHR0cDovL21lZGlhMi5kZXNpZ25wYXJ0bmVyLmZyL2MvcC1ibGFuay1USC8yMjM2OC53ZWJw?v=1788517388"},"page_links":{"fr":"\/fr\/p-bu-by425-tricot-track-jacket-veste-by425-22368\/","en":"\/en\/p-bu-by425-tricot-track-jacket-jacket-by425-22368\/","de":"\/de\/p-bu-by425-tricot-track-jacket-jacke-by425-22368\/","nl":"\/nl\/p-bu-by425-tricot-track-jacket-jas-by425-22368\/","es":"\/es\/p-bu-by425-chaqueta-tricot-track-jacket-by425-22368\/","it":"\/it\/p-bu-by425-giacca-tricot-track-jacket-by425-22368\/","sv":"\/sv\/p-bu-by425-tricot-track-jacket-jacka-by425-22368\/","pt":"\/pt\/p-bu-by425-casaco-tricot-track-jacket-by425-22368\/","da":"\/da\/p-bu-by425-tricot-track-jacket-jakke-by425-22368\/","pl":"\/pl\/p-bu-by425-tricot-track-jacket-kurtka-by425-22368\/"},"page_links_customization":{"fr":"\/fr\/p-bu-by425-tricot-track-jacket-22368\/custom\/","en":"\/en\/p-bu-by425-tricot-track-jacket-22368\/custom\/","de":"\/de\/p-bu-by425-tricot-track-jacket-22368\/custom\/","nl":"\/nl\/p-bu-by425-tricot-track-jacket-22368\/custom\/","es":"\/es\/p-bu-by425-tricot-track-jacket-22368\/custom\/","it":"\/it\/p-bu-by425-tricot-track-jacket-22368\/custom\/","sv":"\/sv\/p-bu-by425-tricot-track-jacket-22368\/custom\/","pt":"\/pt\/p-bu-by425-tricot-track-jacket-22368\/custom\/","da":"\/da\/p-bu-by425-tricot-track-jacket-22368\/custom\/","pl":"\/pl\/p-bu-by425-tricot-track-jacket-22368\/custom\/"},"equivalent_products":[],"colors":[{"id":11091,"name":"black","class_ids":[4],"codes_hexa":["000000"],"delai_24":false,"has_3d":false,"seuil_global":0,"stock_local":0,"stock_global":100,"on_standby":false,"in_catalog":true,"images":{"miniature":["https:\/\/media.th4.com\/-TIxLo_SxDE-ItBaND_f5QC9WMU09pdDeUCZ55MlT0Q\/pr:80\/aHR0cDovL21lZGlhMi5kZXNpZ25wYXJ0bmVyLmZyL2MvcC8yMjM2OC8yMjM2OC0xMTA5MS0xLndlYnA?v=1788517318","https:\/\/media.th4.com\/22QbrgCpRUn7ceQ05XpmnBIbMpKbNecfzObjHD26WGI\/pr:80\/aHR0cDovL21lZGlhMi5kZXNpZ25wYXJ0bmVyLmZyL2MvcC8yMjM2OC8yMjM2OC0xMTA5MS0yLndlYnA?v=1788517320"],"medium":["https:\/\/media.th4.com\/V8WeqXaetQlrMl6Rt393y12OWc8QQVux7qSxyXwyshQ\/pr:550x550\/aHR0cDovL21lZGlhMi5kZXNpZ25wYXJ0bmVyLmZyL2MvcC8yMjM2OC8yMjM2OC0xMTA5MS0xLndlYnA?v=1788517318","https:\/\/media.th4.com\/2myLeEvR9CmBKyGt7mz8poHdGlSNLAf0D_AmF0s6Mis\/pr:550x550\/aHR0cDovL21lZGlhMi5kZXNpZ25wYXJ0bmVyLmZyL2MvcC8yMjM2OC8yMjM2OC0xMTA5MS0yLndlYnA?v=1788517320"],"medium_large":["https:\/\/media.th4.com\/hkGSTrlf5cr6SgM2H5qYyUx1ss78M4S5lEB2pGGnQ0w\/pr:1000x1000\/aHR0cDovL21lZGlhMi5kZXNpZ25wYXJ0bmVyLmZyL2MvcC8yMjM2OC8yMjM2OC0xMTA5MS0xLndlYnA?v=1788517318","https:\/\/media.th4.com\/mwt_bJsEhtxXdmxTWJ2_qjCwgW3aGBgYkg1cg0OxwKE\/pr:1000x1000\/aHR0cDovL21lZGlhMi5kZXNpZ25wYXJ0bmVyLmZyL2MvcC8yMjM2OC8yMjM2OC0xMTA5MS0yLndlYnA?v=1788517320"],"large":["https:\/\/media.th4.com\/qS1bAJrHmUAl4HtG_zSou2W7PX6QuIYgmkXk3eUH7II\/pr:1920\/aHR0cDovL21lZGlhMi5kZXNpZ25wYXJ0bmVyLmZyL2MvcC8yMjM2OC8yMjM2OC0xMTA5MS0xLndlYnA?v=1788517318","https:\/\/media.th4.com\/L6SfE1jDzUfTB5iLry-2obvJnUcn7MWEWrQhwlx7fEA\/pr:1920\/aHR0cDovL21lZGlhMi5kZXNpZ25wYXJ0bmVyLmZyL2MvcC8yMjM2OC8yMjM2OC0xMTA5MS0yLndlYnA?v=1788517320"],"opengraph":["https:\/\/media.th4.com\/BYwlTNN3M_pKqhGPRJcrZudlQv_CMlMT8gCdXwcY0po\/pr:1200x630\/aHR0cDovL21lZGlhMi5kZXNpZ25wYXJ0bmVyLmZyL2MvcC8yMjM2OC8yMjM2OC0xMTA5MS0xLndlYnA?v=1788517318","https:\/\/media.th4.com\/tYP-EVCTltc41C0PtQlWmbfuOjIJxpqS0z7KGLI9NMI\/pr:1200x630\/aHR0cDovL21lZGlhMi5kZXNpZ25wYXJ0bmVyLmZyL2MvcC8yMjM2OC8yMjM2OC0xMTA5MS0yLndlYnA?v=1788517320"]},"images_customization":{"miniature":["https:\/\/media.th4.com\/-TIxLo_SxDE-ItBaND_f5QC9WMU09pdDeUCZ55MlT0Q\/pr:80\/aHR0cDovL21lZGlhMi5kZXNpZ25wYXJ0bmVyLmZyL2MvcC8yMjM2OC8yMjM2OC0xMTA5MS0xLndlYnA?v=1788517318","https:\/\/media.th4.com\/22QbrgCpRUn7ceQ05XpmnBIbMpKbNecfzObjHD26WGI\/pr:80\/aHR0cDovL21lZGlhMi5kZXNpZ25wYXJ0bmVyLmZyL2MvcC8yMjM2OC8yMjM2OC0xMTA5MS0yLndlYnA?v=1788517320"],"medium":["https:\/\/media.th4.com\/V8WeqXaetQlrMl6Rt393y12OWc8QQVux7qSxyXwyshQ\/pr:550x550\/aHR0cDovL21lZGlhMi5kZXNpZ25wYXJ0bmVyLmZyL2MvcC8yMjM2OC8yMjM2OC0xMTA5MS0xLndlYnA?v=1788517318","https:\/\/media.th4.com\/2myLeEvR9CmBKyGt7mz8poHdGlSNLAf0D_AmF0s6Mis\/pr:550x550\/aHR0cDovL21lZGlhMi5kZXNpZ25wYXJ0bmVyLmZyL2MvcC8yMjM2OC8yMjM2OC0xMTA5MS0yLndlYnA?v=1788517320"],"medium_large":["https:\/\/media.th4.com\/hkGSTrlf5cr6SgM2H5qYyUx1ss78M4S5lEB2pGGnQ0w\/pr:1000x1000\/aHR0cDovL21lZGlhMi5kZXNpZ25wYXJ0bmVyLmZyL2MvcC8yMjM2OC8yMjM2OC0xMTA5MS0xLndlYnA?v=1788517318","https:\/\/media.th4.com\/mwt_bJsEhtxXdmxTWJ2_qjCwgW3aGBgYkg1cg0OxwKE\/pr:1000x1000\/aHR0cDovL21lZGlhMi5kZXNpZ25wYXJ0bmVyLmZyL2MvcC8yMjM2OC8yMjM2OC0xMTA5MS0yLndlYnA?v=1788517320"],"large":["https:\/\/media.th4.com\/qS1bAJrHmUAl4HtG_zSou2W7PX6QuIYgmkXk3eUH7II\/pr:1920\/aHR0cDovL21lZGlhMi5kZXNpZ25wYXJ0bmVyLmZyL2MvcC8yMjM2OC8yMjM2OC0xMTA5MS0xLndlYnA?v=1788517318","https:\/\/media.th4.com\/L6SfE1jDzUfTB5iLry-2obvJnUcn7MWEWrQhwlx7fEA\/pr:1920\/aHR0cDovL21lZGlhMi5kZXNpZ25wYXJ0bmVyLmZyL2MvcC8yMjM2OC8yMjM2OC0xMTA5MS0yLndlYnA?v=1788517320"],"opengraph":["https:\/\/media.th4.com\/BYwlTNN3M_pKqhGPRJcrZudlQv_CMlMT8gCdXwcY0po\/pr:1200x630\/aHR0cDovL21lZGlhMi5kZXNpZ25wYXJ0bmVyLmZyL2MvcC8yMjM2OC8yMjM2OC0xMTA5MS0xLndlYnA?v=1788517318","https:\/\/media.th4.com\/tYP-EVCTltc41C0PtQlWmbfuOjIJxpqS0z7KGLI9NMI\/pr:1200x630\/aHR0cDovL21lZGlhMi5kZXNpZ25wYXJ0bmVyLmZyL2MvcC8yMjM2OC8yMjM2OC0xMTA5MS0yLndlYnA?v=1788517320"]},"country_origin":"CN","traceability":{"manufacturing_country_id":null,"weaving_country_id":null,"dyeing_country_id":null},"sizes":[{"id":3,"article_id":560360,"class_id":3,"name":"S","on_standby":false,"stock_local":0,"stock_global":19,"multiple":1,"estimated_date_reassort":null,"is_destocking":false},{"id":2,"article_id":560361,"class_id":4,"name":"M","on_standby":false,"stock_local":0,"stock_global":33,"multiple":1,"estimated_date_reassort":null,"is_destocking":false},{"id":1,"article_id":560362,"class_id":5,"name":"L","on_standby":false,"stock_local":0,"stock_global":12,"multiple":1,"estimated_date_reassort":null,"is_destocking":false},{"id":1116,"article_id":560364,"class_id":7,"name":"2XL","on_standby":false,"stock_local":0,"stock_global":13,"multiple":1,"estimated_date_reassort":null,"is_destocking":false},{"id":1081,"article_id":560365,"class_id":8,"name":"3XL","on_standby":false,"stock_local":0,"stock_global":16,"multiple":1,"estimated_date_reassort":null,"is_destocking":false},{"id":16,"article_id":560366,"class_id":9,"name":"4XL","on_standby":false,"stock_local":0,"stock_global":6,"multiple":1,"estimated_date_reassort":null,"is_destocking":false},{"id":168,"article_id":560367,"class_id":10,"name":"5XL","on_standby":false,"stock_local":0,"stock_global":1,"multiple":1,"estimated_date_reassort":null,"is_destocking":false}],"page_links":{"fr":"\/fr\/p-bu-by425-tricot-track-jacket-veste-by425-22368\/black-11091\/","en":"\/en\/p-bu-by425-tricot-track-jacket-jacket-by425-22368\/black-11091\/","de":"\/de\/p-bu-by425-tricot-track-jacket-jacke-by425-22368\/black-11091\/","nl":"\/nl\/p-bu-by425-tricot-track-jacket-jas-by425-22368\/black-11091\/","es":"\/es\/p-bu-by425-chaqueta-tricot-track-jacket-by425-22368\/black-11091\/","it":"\/it\/p-bu-by425-giacca-tricot-track-jacket-by425-22368\/black-11091\/","sv":"\/sv\/p-bu-by425-tricot-track-jacket-jacka-by425-22368\/black-11091\/","pt":"\/pt\/p-bu-by425-casaco-tricot-track-jacket-by425-22368\/black-11091\/","da":"\/da\/p-bu-by425-tricot-track-jacket-jakke-by425-22368\/black-11091\/","pl":"\/pl\/p-bu-by425-tricot-track-jacket-kurtka-by425-22368\/black-11091\/"},"page_links_customization":{"fr":"\/fr\/p-bu-by425-tricot-track-jacket-22368\/black-11091\/custom\/","en":"\/en\/p-bu-by425-tricot-track-jacket-22368\/black-11091\/custom\/","de":"\/de\/p-bu-by425-tricot-track-jacket-22368\/black-11091\/custom\/","nl":"\/nl\/p-bu-by425-tricot-track-jacket-22368\/black-11091\/custom\/","es":"\/es\/p-bu-by425-tricot-track-jacket-22368\/black-11091\/custom\/","it":"\/it\/p-bu-by425-tricot-track-jacket-22368\/black-11091\/custom\/","sv":"\/sv\/p-bu-by425-tricot-track-jacket-22368\/black-11091\/custom\/","pt":"\/pt\/p-bu-by425-tricot-track-jacket-22368\/black-11091\/custom\/","da":"\/da\/p-bu-by425-tricot-track-jacket-22368\/black-11091\/custom\/","pl":"\/pl\/p-bu-by425-tricot-track-jacket-22368\/black-11091\/custom\/"}}],"documentation_link":null,"countries_availables":["AD","AE","AL","AT","BA","BD","BE","BG","BL","CA","CH","CN","CO","CY","CZ","DE","DK","DO","EE","EG","ES","ET","FI","FR","GB","GE","GF","GP","GR","GT","HK","HN","HR","HT","HU","ID","IE","IN","IS","IT","JO","JP","KE","KH","KP","KR","LA","LK","LS","LT","LU","LV","MA","MF","MG","MK","MM","MN","MQ","MT","MX","MY","NC","NI","NL","PF","PH","PK","PL","PM","PT","RE","RO","SE","SG","SI","SK","SV","SY","TH","TN","TR","TW","TZ","US","VN","WF","YT"]},"infos_customization":[],"features":{"authorize_multi_surfaces":true,"display_order_delay_type":true,"enabled_embroidery_rendering":true,"use_llm_for_embroidery_rendering":false,"promote_surface_display":true,"tarification_franco_offert":true,"enabled_3d_editor":true,"use_html_editor_controls":true},"markings":[{"id":0,"nom":"vierge","finition":null,"libelle":null,"code":null,"dpi":null,"finesse_forme_isolee":null,"finesse_forme_non_isolee":null,"hauteur_minimale_texte":null,"inactif":0,"marquage_interne":1,"quantite_min":null,"parent_id":null,"print_on_support":0,"rognage_tiff_out":null,"content":"vierge","description":null},{"id":2,"nom":"fonce","finition":"optimale","libelle":"TopQuadri","code":null,"dpi":400,"finesse_forme_isolee":"0.040","finesse_forme_non_isolee":"0.700","hauteur_minimale_texte":1,"inactif":0,"marquage_interne":1,"quantite_min":null,"parent_id":18,"print_on_support":0,"rognage_tiff_out":1,"content":"TopQuadri","description":"pour petites et moyennes s\u00e9ries"},{"id":4,"nom":"broderie","finition":"broderie","libelle":"Broderie","code":null,"dpi":400,"finesse_forme_isolee":"0.040","finesse_forme_non_isolee":"0.700","hauteur_minimale_texte":3,"inactif":0,"marquage_interne":1,"quantite_min":null,"parent_id":null,"print_on_support":0,"rognage_tiff_out":1,"content":"Broderie","description":null},{"id":8,"nom":"theme","finition":null,"libelle":"Th\u00e8me","code":null,"dpi":null,"finesse_forme_isolee":null,"finesse_forme_non_isolee":null,"hauteur_minimale_texte":null,"inactif":0,"marquage_interne":1,"quantite_min":null,"parent_id":null,"print_on_support":0,"rognage_tiff_out":null,"content":"Th\u00e8me","description":null},{"id":9,"nom":"sans","finition":null,"libelle":null,"code":null,"dpi":null,"finesse_forme_isolee":null,"finesse_forme_non_isolee":null,"hauteur_minimale_texte":null,"inactif":0,"marquage_interne":1,"quantite_min":null,"parent_id":null,"print_on_support":0,"rognage_tiff_out":null,"content":"sans","description":null},{"id":10,"nom":"photo","finition":null,"libelle":"Photo","code":null,"dpi":null,"finesse_forme_isolee":null,"finesse_forme_non_isolee":null,"hauteur_minimale_texte":null,"inactif":0,"marquage_interne":1,"quantite_min":null,"parent_id":null,"print_on_support":0,"rognage_tiff_out":null,"content":"Photo","description":null},{"id":14,"nom":"couleur","finition":null,"libelle":"Couleur","code":null,"dpi":null,"finesse_forme_isolee":null,"finesse_forme_non_isolee":null,"hauteur_minimale_texte":null,"inactif":0,"marquage_interne":1,"quantite_min":null,"parent_id":null,"print_on_support":0,"rognage_tiff_out":null,"content":"Couleur","description":null},{"id":15,"nom":"sublimation","finition":"sublimation","libelle":"Sublimation","code":null,"dpi":null,"finesse_forme_isolee":"0.000","finesse_forme_non_isolee":"0.000","hauteur_minimale_texte":0,"inactif":0,"marquage_interne":1,"quantite_min":null,"parent_id":null,"print_on_support":0,"rognage_tiff_out":0,"content":"Sublimation","description":null},{"id":16,"nom":"topquadri_uv","finition":null,"libelle":"TopQuadri UV","code":null,"dpi":null,"finesse_forme_isolee":"0.020","finesse_forme_non_isolee":"0.700","hauteur_minimale_texte":2,"inactif":0,"marquage_interne":1,"quantite_min":null,"parent_id":null,"print_on_support":1,"rognage_tiff_out":0,"content":"TopQuadri UV","description":"Marquage pour objets"},{"id":17,"nom":"topquadri_uvp","finition":null,"libelle":"TopQuadri UVP","code":null,"dpi":null,"finesse_forme_isolee":"0.020","finesse_forme_non_isolee":"0.700","hauteur_minimale_texte":2,"inactif":0,"marquage_interne":1,"quantite_min":null,"parent_id":null,"print_on_support":1,"rognage_tiff_out":0,"content":"TopQuadri UVP","description":"Marquage pour objets"},{"id":18,"nom":"quadri","finition":null,"libelle":"Impression","code":null,"dpi":null,"finesse_forme_isolee":null,"finesse_forme_non_isolee":null,"hauteur_minimale_texte":null,"inactif":0,"marquage_interne":1,"quantite_min":null,"parent_id":null,"print_on_support":0,"rognage_tiff_out":null,"content":null,"description":null}]}}